{"id":10476,"date":"2026-01-13T19:47:34","date_gmt":"2026-01-13T22:47:34","guid":{"rendered":"https:\/\/grupomatulateatro.com\/?p=10476"},"modified":"2026-01-13T19:54:00","modified_gmt":"2026-01-13T22:54:00","slug":"2025-a","status":"publish","type":"post","link":"https:\/\/grupomatulateatro.com\/es\/2025-a\/","title":{"rendered":"2025"},"content":{"rendered":"<ul>\n<li>Comemora\u00e7\u00e3o dos 25 anos de Matula Teatro, com programa\u00e7\u00e3o intensa na Sesc Campinas: Espet\u00e1culo COMO SE FOSSE, oficina Dramaturgias de Fronteira e Bate Papo sobre Teatro e Direitos Humanos!<\/li>\n<li>PASSAGENS integrando o Educativo do Instituto Hilda Hilst: 24 visitas de escolas, mais de mil estudantes e professores da rede p\u00fablica de ensino vivenciando Hilda Hilst na Casa do Sol<\/li>\n<li>COMO SE FOSSE no Festival Terreiro de Mulheres, organizado pela Cia Mundurod\u00e1<\/li>\n<li>T\u00c1 NA MESA no Sesc Bauru<\/li>\n<li>Mudan\u00e7a de sede: despedida do ROSA DOS VENTOS e chegada do Matula no CENTRO CULTURAL CASAR\u00c3O<\/li>\n<\/ul>\n<p>&nbsp;<\/p>\n<p>&nbsp;<\/p>","protected":false},"excerpt":{"rendered":"<p>Comemora\u00e7\u00e3o dos 25 anos de Matula Teatro, com programa\u00e7\u00e3o intensa na Sesc Campinas: Espet\u00e1culo COMO SE FOSSE, oficina Dramaturgias de Fronteira e Bate Papo sobre Teatro e Direitos Humanos! PASSAGENS integrando o Educativo do Instituto Hilda Hilst: 24 visitas de escolas, mais de mil estudantes e professores da rede p\u00fablica de ensino vivenciando Hilda Hilst [&hellip;]<\/p>","protected":false},"author":2,"featured_media":10475,"comment_status":"closed","ping_status":"closed","sticky":false,"template":"","format":"standard","meta":{"footnotes":""},"categories":[180],"tags":[],"class_list":["post-10476","post","type-post","status-publish","format-standard","has-post-thumbnail","hentry","category-linha-do-tempo"],"_links":{"self":[{"href":"https:\/\/grupomatulateatro.com\/es\/wp-json\/wp\/v2\/posts\/10476","targetHints":{"allow":["GET"]}}],"collection":[{"href":"https:\/\/grupomatulateatro.com\/es\/wp-json\/wp\/v2\/posts"}],"about":[{"href":"https:\/\/grupomatulateatro.com\/es\/wp-json\/wp\/v2\/types\/post"}],"author":[{"embeddable":true,"href":"https:\/\/grupomatulateatro.com\/es\/wp-json\/wp\/v2\/users\/2"}],"replies":[{"embeddable":true,"href":"https:\/\/grupomatulateatro.com\/es\/wp-json\/wp\/v2\/comments?post=10476"}],"version-history":[{"count":7,"href":"https:\/\/grupomatulateatro.com\/es\/wp-json\/wp\/v2\/posts\/10476\/revisions"}],"predecessor-version":[{"id":10484,"href":"https:\/\/grupomatulateatro.com\/es\/wp-json\/wp\/v2\/posts\/10476\/revisions\/10484"}],"wp:featuredmedia":[{"embeddable":true,"href":"https:\/\/grupomatulateatro.com\/es\/wp-json\/wp\/v2\/media\/10475"}],"wp:attachment":[{"href":"https:\/\/grupomatulateatro.com\/es\/wp-json\/wp\/v2\/media?parent=10476"}],"wp:term":[{"taxonomy":"category","embeddable":true,"href":"https:\/\/grupomatulateatro.com\/es\/wp-json\/wp\/v2\/categories?post=10476"},{"taxonomy":"post_tag","embeddable":true,"href":"https:\/\/grupomatulateatro.com\/es\/wp-json\/wp\/v2\/tags?post=10476"}],"curies":[{"name":"wp","href":"https:\/\/api.w.org\/{rel}","templated":true}]}}