{"id":9739,"date":"2008-01-10T16:02:00","date_gmt":"2008-01-10T18:02:00","guid":{"rendered":"https:\/\/grupomatulateatro.com\/?p=9739"},"modified":"2022-02-03T14:47:52","modified_gmt":"2022-02-03T17:47:52","slug":"2008-2","status":"publish","type":"post","link":"https:\/\/grupomatulateatro.com\/en\/2008-2\/","title":{"rendered":"2008"},"content":{"rendered":"<ul>\n<li>Profissionaliza\u00e7\u00e3o da Produ\u00e7\u00e3o do Grupo<\/li>\n<li>Inaugura\u00e7\u00e3o do Espa\u00e7o Cultural Rosa dos Ventos, que at\u00e9 hoje abriga as pr\u00e1ticas do Matula e de artistas parceires.<\/li>\n<li>Estreia de GRAN CIRCO M\u00c1XIMO, realizada com Edital FUNARTE, do Governo Federal.<\/li>\n<\/ul>\n<p><img loading=\"lazy\" decoding=\"async\" class=\"alignnone wp-image-10008\" src=\"https:\/\/grupomatulateatro.com\/wp-content\/uploads\/2021\/11\/Destaque-8-1-1024x1024.jpg\" alt=\"\" width=\"450\" height=\"450\" srcset=\"https:\/\/grupomatulateatro.com\/wp-content\/uploads\/2021\/11\/Destaque-8-1-1024x1024.jpg 1024w, https:\/\/grupomatulateatro.com\/wp-content\/uploads\/2021\/11\/Destaque-8-1-300x300.jpg 300w, https:\/\/grupomatulateatro.com\/wp-content\/uploads\/2021\/11\/Destaque-8-1-150x150.jpg 150w, https:\/\/grupomatulateatro.com\/wp-content\/uploads\/2021\/11\/Destaque-8-1-500x500.jpg 500w, https:\/\/grupomatulateatro.com\/wp-content\/uploads\/2021\/11\/Destaque-8-1.jpg 1202w\" sizes=\"auto, (max-width: 450px) 100vw, 450px\" \/><br \/>\nGran Circo M\u00e1ximo<\/p>","protected":false},"excerpt":{"rendered":"<p>Profissionaliza\u00e7\u00e3o da Produ\u00e7\u00e3o do Grupo Inaugura\u00e7\u00e3o do Espa\u00e7o Cultural Rosa dos Ventos, que at\u00e9 hoje abriga as pr\u00e1ticas do Matula e de artistas parceires. Estreia de GRAN CIRCO M\u00c1XIMO, realizada com Edital FUNARTE, do Governo Federal. Gran Circo M\u00e1ximo<\/p>","protected":false},"author":1,"featured_media":10046,"comment_status":"open","ping_status":"open","sticky":false,"template":"","format":"standard","meta":{"footnotes":""},"categories":[180],"tags":[],"class_list":["post-9739","post","type-post","status-publish","format-standard","has-post-thumbnail","hentry","category-linha-do-tempo"],"_links":{"self":[{"href":"https:\/\/grupomatulateatro.com\/en\/wp-json\/wp\/v2\/posts\/9739","targetHints":{"allow":["GET"]}}],"collection":[{"href":"https:\/\/grupomatulateatro.com\/en\/wp-json\/wp\/v2\/posts"}],"about":[{"href":"https:\/\/grupomatulateatro.com\/en\/wp-json\/wp\/v2\/types\/post"}],"author":[{"embeddable":true,"href":"https:\/\/grupomatulateatro.com\/en\/wp-json\/wp\/v2\/users\/1"}],"replies":[{"embeddable":true,"href":"https:\/\/grupomatulateatro.com\/en\/wp-json\/wp\/v2\/comments?post=9739"}],"version-history":[{"count":1,"href":"https:\/\/grupomatulateatro.com\/en\/wp-json\/wp\/v2\/posts\/9739\/revisions"}],"predecessor-version":[{"id":10135,"href":"https:\/\/grupomatulateatro.com\/en\/wp-json\/wp\/v2\/posts\/9739\/revisions\/10135"}],"wp:featuredmedia":[{"embeddable":true,"href":"https:\/\/grupomatulateatro.com\/en\/wp-json\/wp\/v2\/media\/10046"}],"wp:attachment":[{"href":"https:\/\/grupomatulateatro.com\/en\/wp-json\/wp\/v2\/media?parent=9739"}],"wp:term":[{"taxonomy":"category","embeddable":true,"href":"https:\/\/grupomatulateatro.com\/en\/wp-json\/wp\/v2\/categories?post=9739"},{"taxonomy":"post_tag","embeddable":true,"href":"https:\/\/grupomatulateatro.com\/en\/wp-json\/wp\/v2\/tags?post=9739"}],"curies":[{"name":"wp","href":"https:\/\/api.w.org\/{rel}","templated":true}]}}