{"id":9729,"date":"2002-01-10T15:59:41","date_gmt":"2002-01-10T17:59:41","guid":{"rendered":"https:\/\/grupomatulateatro.com\/?p=9729"},"modified":"2022-02-03T14:36:54","modified_gmt":"2022-02-03T17:36:54","slug":"2002-2","status":"publish","type":"post","link":"https:\/\/grupomatulateatro.com\/en\/2002-2\/","title":{"rendered":"2002"},"content":{"rendered":"<p>Inaugura\u00e7\u00e3o da primeira sede!<\/p>\n<p>Estreamos PEDRA DE CORA\u00c7\u00c3O<\/p>\n<p><img loading=\"lazy\" decoding=\"async\" class=\"alignnone wp-image-10026\" src=\"https:\/\/grupomatulateatro.com\/wp-content\/uploads\/2021\/11\/Destaque-4-pedra-de-corac\u0327a\u0303o-1024x1024.jpg\" alt=\"\" width=\"450\" height=\"450\" srcset=\"https:\/\/grupomatulateatro.com\/wp-content\/uploads\/2021\/11\/Destaque-4-pedra-de-corac\u0327a\u0303o-1024x1024.jpg 1024w, https:\/\/grupomatulateatro.com\/wp-content\/uploads\/2021\/11\/Destaque-4-pedra-de-corac\u0327a\u0303o-300x300.jpg 300w, https:\/\/grupomatulateatro.com\/wp-content\/uploads\/2021\/11\/Destaque-4-pedra-de-corac\u0327a\u0303o-150x150.jpg 150w, https:\/\/grupomatulateatro.com\/wp-content\/uploads\/2021\/11\/Destaque-4-pedra-de-corac\u0327a\u0303o-500x500.jpg 500w, https:\/\/grupomatulateatro.com\/wp-content\/uploads\/2021\/11\/Destaque-4-pedra-de-corac\u0327a\u0303o.jpg 1202w\" sizes=\"auto, (max-width: 450px) 100vw, 450px\" \/><\/p>\n<p>Pedra de Cora\u00e7\u00e3o<\/p>","protected":false},"excerpt":{"rendered":"<p>Inaugura\u00e7\u00e3o da primeira sede! Estreamos PEDRA DE CORA\u00c7\u00c3O Pedra de Cora\u00e7\u00e3o<\/p>","protected":false},"author":1,"featured_media":10024,"comment_status":"open","ping_status":"open","sticky":false,"template":"","format":"standard","meta":{"footnotes":""},"categories":[180],"tags":[],"class_list":["post-9729","post","type-post","status-publish","format-standard","has-post-thumbnail","hentry","category-linha-do-tempo"],"_links":{"self":[{"href":"https:\/\/grupomatulateatro.com\/en\/wp-json\/wp\/v2\/posts\/9729","targetHints":{"allow":["GET"]}}],"collection":[{"href":"https:\/\/grupomatulateatro.com\/en\/wp-json\/wp\/v2\/posts"}],"about":[{"href":"https:\/\/grupomatulateatro.com\/en\/wp-json\/wp\/v2\/types\/post"}],"author":[{"embeddable":true,"href":"https:\/\/grupomatulateatro.com\/en\/wp-json\/wp\/v2\/users\/1"}],"replies":[{"embeddable":true,"href":"https:\/\/grupomatulateatro.com\/en\/wp-json\/wp\/v2\/comments?post=9729"}],"version-history":[{"count":1,"href":"https:\/\/grupomatulateatro.com\/en\/wp-json\/wp\/v2\/posts\/9729\/revisions"}],"predecessor-version":[{"id":10125,"href":"https:\/\/grupomatulateatro.com\/en\/wp-json\/wp\/v2\/posts\/9729\/revisions\/10125"}],"wp:featuredmedia":[{"embeddable":true,"href":"https:\/\/grupomatulateatro.com\/en\/wp-json\/wp\/v2\/media\/10024"}],"wp:attachment":[{"href":"https:\/\/grupomatulateatro.com\/en\/wp-json\/wp\/v2\/media?parent=9729"}],"wp:term":[{"taxonomy":"category","embeddable":true,"href":"https:\/\/grupomatulateatro.com\/en\/wp-json\/wp\/v2\/categories?post=9729"},{"taxonomy":"post_tag","embeddable":true,"href":"https:\/\/grupomatulateatro.com\/en\/wp-json\/wp\/v2\/tags?post=9729"}],"curies":[{"name":"wp","href":"https:\/\/api.w.org\/{rel}","templated":true}]}}