{"id":9712,"date":"2020-01-01T16:18:18","date_gmt":"2020-01-01T19:18:18","guid":{"rendered":"https:\/\/grupomatulateatro.com\/?p=9712"},"modified":"2022-02-03T14:33:43","modified_gmt":"2022-02-03T17:33:43","slug":"2020-2","status":"publish","type":"post","link":"https:\/\/grupomatulateatro.com\/en\/2020-2\/","title":{"rendered":"2020"},"content":{"rendered":"<ul>\n<li>Mar\u00e7o de 2020 Matula estreia COMO SE FOSSE no SESC Jundia\u00ed, com dire\u00e7\u00e3o de Ver\u00f4nica Fabrini, trilha original de Dudu Ferraz. Em seguida come\u00e7a o intermin\u00e1vel isolamento social por conta da Covid 19&#8230;<\/li>\n<li><span style=\"color: #00ffff;\">Finaliza\u00e7\u00e3o do p\u00f3s-doutorado da Erika<\/span><\/li>\n<li><span style=\"color: #ffff99;\">Pandemia Covid-19 e a vida em telas planas<br \/>\n<\/span><\/li>\n<li><span style=\"color: #ffff99;\">Um viva a uni\u00e3o dos artistas e a cria\u00e7\u00e3o da Lei Aldir Blanc!<\/span><\/li>\n<li>LOGO ALI- experi\u00eancia c\u00eanica virtual que permite a parceria com Melissa Lopes, mesmo ela estando em terras distantes.<\/li>\n<\/ul>","protected":false},"excerpt":{"rendered":"<p>Mar\u00e7o de 2020 Matula estreia COMO SE FOSSE no SESC Jundia\u00ed, com dire\u00e7\u00e3o de Ver\u00f4nica Fabrini, trilha original de Dudu Ferraz. Em seguida come\u00e7a o intermin\u00e1vel isolamento social por conta da Covid 19&#8230; Finaliza\u00e7\u00e3o do p\u00f3s-doutorado da Erika Pandemia Covid-19 e a vida em telas planas Um viva a uni\u00e3o dos artistas e a cria\u00e7\u00e3o [&hellip;]<\/p>","protected":false},"author":1,"featured_media":9964,"comment_status":"closed","ping_status":"closed","sticky":false,"template":"","format":"standard","meta":{"footnotes":""},"categories":[180],"tags":[],"class_list":["post-9712","post","type-post","status-publish","format-standard","has-post-thumbnail","hentry","category-linha-do-tempo"],"_links":{"self":[{"href":"https:\/\/grupomatulateatro.com\/en\/wp-json\/wp\/v2\/posts\/9712","targetHints":{"allow":["GET"]}}],"collection":[{"href":"https:\/\/grupomatulateatro.com\/en\/wp-json\/wp\/v2\/posts"}],"about":[{"href":"https:\/\/grupomatulateatro.com\/en\/wp-json\/wp\/v2\/types\/post"}],"author":[{"embeddable":true,"href":"https:\/\/grupomatulateatro.com\/en\/wp-json\/wp\/v2\/users\/1"}],"replies":[{"embeddable":true,"href":"https:\/\/grupomatulateatro.com\/en\/wp-json\/wp\/v2\/comments?post=9712"}],"version-history":[{"count":2,"href":"https:\/\/grupomatulateatro.com\/en\/wp-json\/wp\/v2\/posts\/9712\/revisions"}],"predecessor-version":[{"id":10121,"href":"https:\/\/grupomatulateatro.com\/en\/wp-json\/wp\/v2\/posts\/9712\/revisions\/10121"}],"wp:featuredmedia":[{"embeddable":true,"href":"https:\/\/grupomatulateatro.com\/en\/wp-json\/wp\/v2\/media\/9964"}],"wp:attachment":[{"href":"https:\/\/grupomatulateatro.com\/en\/wp-json\/wp\/v2\/media?parent=9712"}],"wp:term":[{"taxonomy":"category","embeddable":true,"href":"https:\/\/grupomatulateatro.com\/en\/wp-json\/wp\/v2\/categories?post=9712"},{"taxonomy":"post_tag","embeddable":true,"href":"https:\/\/grupomatulateatro.com\/en\/wp-json\/wp\/v2\/tags?post=9712"}],"curies":[{"name":"wp","href":"https:\/\/api.w.org\/{rel}","templated":true}]}}