{"id":10298,"date":"2023-10-10T16:01:04","date_gmt":"2023-10-10T19:01:04","guid":{"rendered":"https:\/\/grupomatulateatro.com\/?p=10298"},"modified":"2024-08-31T11:14:25","modified_gmt":"2024-08-31T14:14:25","slug":"2023-2","status":"publish","type":"post","link":"https:\/\/grupomatulateatro.com\/en\/2023-2\/","title":{"rendered":"2023"},"content":{"rendered":"<ul>\n<li>\u00a0Estreia T\u00c1 NA MESA!!!<\/li>\n<li>COMO SE FOSSE\u00a0 premiad\u00edssimo no FestKaos, em Cubat\u00e3o, organizado pelo incr\u00edvel coletivo Teatro do Kaos<\/li>\n<li>Emo\u00e7\u00f5es transbordantes em apresenta\u00e7\u00e3o do COMO SE FOSSE, no Teatro Marcelo Denny, junto aos parceiros do Teatro da Rua Elisa<\/li>\n<li>Temporada do COMO SE FOSSE no Sesc Pinheiros, com quinze apresenta\u00e7\u00f5es nos meses de novembro e dezembro!<\/li>\n<\/ul>\n<p><span style=\"color: #3366ff;\">Erika coordena o Projeto Penha, contemplado pelo FICC Campinas, agregando um conjunto de mulheres potentes que resultou no Espet\u00e1culo Cabar\u00e9 das Fortes<\/span><\/p>\n<p><span style=\"color: #3366ff;\">Chegada do pequeno Jo\u00e3o, aquecendo nossos cora\u00e7\u00f5es!!<\/span><\/p>\n<p><span style=\"color: #993366;\">Minc est\u00e1 de volta!<\/span><\/p>","protected":false},"excerpt":{"rendered":"<p>\u00a0Estreia T\u00c1 NA MESA!!! COMO SE FOSSE\u00a0 premiad\u00edssimo no FestKaos, em Cubat\u00e3o, organizado pelo incr\u00edvel coletivo Teatro do Kaos Emo\u00e7\u00f5es transbordantes em apresenta\u00e7\u00e3o do COMO SE FOSSE, no Teatro Marcelo Denny, junto aos parceiros do Teatro da Rua Elisa Temporada do COMO SE FOSSE no Sesc Pinheiros, com quinze apresenta\u00e7\u00f5es nos meses de novembro e [&hellip;]<\/p>","protected":false},"author":2,"featured_media":10269,"comment_status":"closed","ping_status":"closed","sticky":false,"template":"","format":"standard","meta":{"footnotes":""},"categories":[180],"tags":[],"class_list":["post-10298","post","type-post","status-publish","format-standard","has-post-thumbnail","hentry","category-linha-do-tempo"],"_links":{"self":[{"href":"https:\/\/grupomatulateatro.com\/en\/wp-json\/wp\/v2\/posts\/10298","targetHints":{"allow":["GET"]}}],"collection":[{"href":"https:\/\/grupomatulateatro.com\/en\/wp-json\/wp\/v2\/posts"}],"about":[{"href":"https:\/\/grupomatulateatro.com\/en\/wp-json\/wp\/v2\/types\/post"}],"author":[{"embeddable":true,"href":"https:\/\/grupomatulateatro.com\/en\/wp-json\/wp\/v2\/users\/2"}],"replies":[{"embeddable":true,"href":"https:\/\/grupomatulateatro.com\/en\/wp-json\/wp\/v2\/comments?post=10298"}],"version-history":[{"count":6,"href":"https:\/\/grupomatulateatro.com\/en\/wp-json\/wp\/v2\/posts\/10298\/revisions"}],"predecessor-version":[{"id":10347,"href":"https:\/\/grupomatulateatro.com\/en\/wp-json\/wp\/v2\/posts\/10298\/revisions\/10347"}],"wp:featuredmedia":[{"embeddable":true,"href":"https:\/\/grupomatulateatro.com\/en\/wp-json\/wp\/v2\/media\/10269"}],"wp:attachment":[{"href":"https:\/\/grupomatulateatro.com\/en\/wp-json\/wp\/v2\/media?parent=10298"}],"wp:term":[{"taxonomy":"category","embeddable":true,"href":"https:\/\/grupomatulateatro.com\/en\/wp-json\/wp\/v2\/categories?post=10298"},{"taxonomy":"post_tag","embeddable":true,"href":"https:\/\/grupomatulateatro.com\/en\/wp-json\/wp\/v2\/tags?post=10298"}],"curies":[{"name":"wp","href":"https:\/\/api.w.org\/{rel}","templated":true}]}}